{"id":1634,"date":"2021-04-23T12:00:00","date_gmt":"2021-04-23T10:00:00","guid":{"rendered":"https:\/\/kunst.bibibo.de\/?p=1634"},"modified":"2021-04-23T09:56:27","modified_gmt":"2021-04-23T07:56:27","slug":"welttag-des-buches-ich-schenk-dir-eine-geschichte","status":"publish","type":"post","link":"https:\/\/kunst.bibibo.info\/?p=1634","title":{"rendered":"Welttag des Buches -Ich schenk dir eine Geschichte"},"content":{"rendered":"\n<h4 class=\"wp-block-heading\">Aufruf an junge Biebertaler: Schreibt! Schenkt uns Eure  Geschichte!<\/h4>\n\n\n\n<div class=\"wp-block-image\"><figure class=\"aligncenter\"><img decoding=\"async\" src=\"https:\/\/grundschul-blog.de\/wp-content\/uploads\/2018\/04\/Wellttag_Buch.jpg\" alt=\"Welttag des Buches Logo - Grundschul-Blog\"\/><\/figure><\/div>\n\n\n\n<figure class=\"wp-block-embed-youtube wp-block-embed is-type-video is-provider-youtube wp-embed-aspect-16-9 wp-has-aspect-ratio\"><div class=\"wp-block-embed__wrapper\">\n<iframe loading=\"lazy\" title=\"Alles zum Comicroman &quot;Biber undercover&quot; von R\u00fcdiger Bertram &amp; Timo Grubing | Welttag des Buches 2021\" width=\"950\" height=\"534\" src=\"https:\/\/www.youtube.com\/embed\/8EWfRV0BGbY?feature=oembed\" frameborder=\"0\" allow=\"accelerometer; autoplay; clipboard-write; encrypted-media; gyroscope; picture-in-picture; web-share\" referrerpolicy=\"strict-origin-when-cross-origin\" allowfullscreen><\/iframe>\n<\/div><\/figure>\n\n\n\n<p>Wenn ihr das Video geguckt habt, denkt ihr vielleicht, wir schenken euch dieses Buch. Aber wir haben etwas anderes vor: &#8222;Biber undercover&#8220; von R\u00fcdiger Bertram, das ist nat\u00fcrlich eine Vorlage. Wir machen daraus den Titel<strong> &#8222;Junge Biebertaler &#8211; undercover?&#8220;<\/strong><\/p>\n\n\n\n<p><strong>Wir m\u00f6chten euch n\u00e4mlich an diesem Welttag des Buches auffordern, mal selber eine Geschichte zu verschenken.<\/strong> Eine, die ihr geschrieben habt, 1 Seite oder 2 &#8211; 3 Seiten. Und schreibt darin, was euch bewegt, wor\u00fcber ihr gerne berichten m\u00f6chtet, was ihr im letzten Jahr erlebt habt. <strong>Der Welttag des Buches ist immer am 23. April, und von daher setzen wir mal die gro\u00dfe \u00dcberschrift &#8222;Von April zu April&#8220;.<\/strong><\/p>\n\n\n\n<p><strong>Jetzt seid ihr gefragt! Schickt uns euere Einsendungen bis sp\u00e4testens 15. August 2021, dann habt ihr noch vier Wochen in den Sommerferien Zeit zum Schreiben<\/strong> <strong>&#8211; und vielleicht m\u00f6gt ihr ja auch etwas dazu   zeichen.<\/strong><\/p>\n\n\n\n<p><strong>Anschlie\u00dfend werden wir alle Geschichten mit eurem Namen im Bilderbogen ver\u00f6ffentlichen.<\/strong><\/p>\n\n\n\n<p>Jetzt sind wir gespannt auf eure Beitr\u00e4ge.<br>Euer Bilderbogen -Team<\/p>\n\n\n\n<p><strong>Bitte schickt Eure Geschichten an info@biebertaler-bilderbogen.de<\/strong><\/p>\n","protected":false},"excerpt":{"rendered":"<p>Aufruf an junge Biebertaler: Schreibt! Schenkt uns Eure Geschichte! Wenn ihr das Video geguckt habt, denkt ihr vielleicht, wir schenken euch dieses Buch. Aber wir haben etwas anderes vor: &#8222;Biber undercover&#8220; von R\u00fcdiger Bertram, das ist nat\u00fcrlich eine Vorlage. Wir machen daraus den Titel &#8222;Junge Biebertaler &#8211; undercover?&#8220; Wir m\u00f6chten euch n\u00e4mlich an diesem Welttag &hellip; <\/p>\n<p class=\"link-more\"><a href=\"https:\/\/kunst.bibibo.info\/?p=1634\" class=\"more-link\">Mehr <span class=\"screen-reader-text\">\u00fcber &#8222;Welttag des Buches -Ich schenk dir eine Geschichte&#8220; <\/span>Lesen<\/a><\/p>\n","protected":false},"author":2,"featured_media":0,"comment_status":"open","ping_status":"open","sticky":false,"template":"","format":"standard","meta":{"footnotes":""},"categories":[10],"tags":[59,60],"class_list":["post-1634","post","type-post","status-publish","format-standard","hentry","category-literatur","tag-geschichten-schreiben","tag-junge-biebertaler"],"_links":{"self":[{"href":"https:\/\/kunst.bibibo.info\/index.php?rest_route=\/wp\/v2\/posts\/1634","targetHints":{"allow":["GET"]}}],"collection":[{"href":"https:\/\/kunst.bibibo.info\/index.php?rest_route=\/wp\/v2\/posts"}],"about":[{"href":"https:\/\/kunst.bibibo.info\/index.php?rest_route=\/wp\/v2\/types\/post"}],"author":[{"embeddable":true,"href":"https:\/\/kunst.bibibo.info\/index.php?rest_route=\/wp\/v2\/users\/2"}],"replies":[{"embeddable":true,"href":"https:\/\/kunst.bibibo.info\/index.php?rest_route=%2Fwp%2Fv2%2Fcomments&post=1634"}],"version-history":[{"count":3,"href":"https:\/\/kunst.bibibo.info\/index.php?rest_route=\/wp\/v2\/posts\/1634\/revisions"}],"predecessor-version":[{"id":1637,"href":"https:\/\/kunst.bibibo.info\/index.php?rest_route=\/wp\/v2\/posts\/1634\/revisions\/1637"}],"wp:attachment":[{"href":"https:\/\/kunst.bibibo.info\/index.php?rest_route=%2Fwp%2Fv2%2Fmedia&parent=1634"}],"wp:term":[{"taxonomy":"category","embeddable":true,"href":"https:\/\/kunst.bibibo.info\/index.php?rest_route=%2Fwp%2Fv2%2Fcategories&post=1634"},{"taxonomy":"post_tag","embeddable":true,"href":"https:\/\/kunst.bibibo.info\/index.php?rest_route=%2Fwp%2Fv2%2Ftags&post=1634"}],"curies":[{"name":"wp","href":"https:\/\/api.w.org\/{rel}","templated":true}]}}