{"id":17326,"date":"2022-11-07T13:00:00","date_gmt":"2022-11-07T12:00:00","guid":{"rendered":"https:\/\/nachrichten.biebertaler-bilderbogen.de\/?p=17326"},"modified":"2022-11-08T11:12:13","modified_gmt":"2022-11-08T10:12:13","slug":"vor-25-jahren-delta-jazz-in-biebertal","status":"publish","type":"post","link":"https:\/\/kunst.bibibo.info\/?p=17326","title":{"rendered":"Vor 25 Jahren: DELTA-JAZZ in Biebertal"},"content":{"rendered":"\n<figure class=\"wp-block-audio\"><audio controls src=\"https:\/\/nachrichten.biebertaler-bilderbogen.de\/wp-content\/uploads\/2022\/11\/DELTA-JAZZ-Probe.mp3\"><\/audio><figcaption><strong>Kurzer Mitschnitt eines Konzertes im Jahre 1997<\/strong><\/figcaption><\/figure>\n\n\n\n<div class=\"wp-block-columns is-layout-flex wp-container-core-columns-is-layout-28f84493 wp-block-columns-is-layout-flex\">\n<div class=\"wp-block-column is-layout-flow wp-block-column-is-layout-flow\">\n<figure class=\"wp-block-image size-full\"><img decoding=\"async\" src=\"https:\/\/nachrichten.biebertaler-bilderbogen.de\/wp-content\/uploads\/2022\/11\/Delta-Jazz-CD-1997.jpg\" alt=\"\" class=\"wp-image-17331\"\/><\/figure>\n<\/div>\n\n\n\n<div class=\"wp-block-column is-layout-flow wp-block-column-is-layout-flow\">\n<p style=\"font-size:clamp(14px, 0.875rem + ((1vw - 3.2px) * 0.354), 18px);\"><strong>25 Jahre ist es her, und schon fast vergessen.<\/strong><\/p>\n\n\n\n<p class=\"has-text-align-center\" style=\"font-size:14px\"><strong>Etwa 10 Jahre lang war die DELTA-Jazzband zu Gast in Biebertal, auf Einladung des Deutsch-Britischen Vereins Biebertal.<\/strong><br>Es waren immer aufregende Tage, meistens sehr spannend, bis ein Konzert dann wirklich startete und auch spannend, wenn es mal eine Panne gab. Insgesamt klappte es aber fast immer; und im Sommer bei warmem Wetter, meist auf einer B\u00fchne im Freien, waren es begeisternde Auff\u00fchrungen.<br>Von den Auftritten 1996 und 1997 gibt es Mitschnitte der Konzerte, die in 2 CDs dokumentiert wurden., Sie fielen mir in der letzten Woche nicht ganz zuf\u00e4llig wieder in die H\u00e4nde.<\/p>\n<\/div>\n<\/div>\n\n\n\n<p>Die Band war schon etwas Spezielles: <br><strong>Eine Band, die jedes Jahr in anderer Zusammensetzung spielte und dabei immer Spitze war.<\/strong><br>Der Grund lag an den Musikern selbst<strong>: Jeder der sieben Musiker war Bandleader seiner eigenen Band.<\/strong> Diese Musiker kannten sich in ihrer Heimat nat\u00fcrlich, aber zusammen gespielt haben sie in Gro\u00dfbritannien nie. <br>Wohl aber in Biebertal. Hier ein Foto, das ich im Internet von der Band Alan Davis gefunden habe.<\/p>\n\n\n\n<div class=\"wp-block-image aligncenter size-full\"><figure class=\"aligncenter size-full\"><img decoding=\"async\" src=\"https:\/\/nachrichten.biebertaler-bilderbogen.de\/wp-content\/uploads\/2022\/11\/a_davies.jpg\" alt=\"\" class=\"wp-image-17355\"\/><figcaption><strong>Alan Davis, drummer and leader of The Delta Jazz Band<br>von links nach rechts &#8211; Roger Browne, Frank Whitham, Dick Wharton,Alan Davies, Arthur Pedder, Allan Wilcox<\/strong><\/figcaption><\/figure><\/div>\n\n\n\n<p>Organisatorisch waren <strong>Alan Davies<\/strong> und <strong>Karin Steinm\u00fcller<\/strong> die beiden Achsen dieses Austausches. Beide sind inzwischen verstorben. Die musikalische Leitung hatte Roger Brown, in der Band als begnadeter Klavierspieler zu bewundern. <strong>Roger Browne<\/strong> war w\u00e4hrend der 10 Tage seines Aufenthaltes Gast in meinem Haus, woraus sich viele enge und vertraute Verbindungen ergaben. Die technische Unterst\u00fctzung f\u00fcr die Konzerte kam von meiner Seite. Das waren der B\u00fchnenaufbau mit Mikrofonen und Verst\u00e4rker und Lautsprecher. Sp\u00e4ter unterst\u00fctzte mich noch ein ganz lieber Bekannter von mir: Heinz Schupp. Ich kannte Heinz von den Amateurfunkern mit seinem Rufzeichen DF7ZF bereits, und da auch er von Dixieland-Musik begeistert war, kamen wir schnell als technisches Team zusammen. (Man h\u00f6rt Heinz auf dem obigen Ausschnitt des Auftritts noch mit der Ank\u00fcndigung weiterer Auftritte). Leider ist Heinz Schupp inzwischen verstorben. So ist die Tonaufnahme f\u00fcr mich eine wertvolle Erinnerung an einen lieben Menschen und eine tolle Zeit.<\/p>\n\n\n\n<p><strong>Warum fielen mir die CDs wieder in die H\u00e4nde?  <\/strong><\/p>\n\n\n\n<p>In den Jahren der Konzerte waren immer Geldprobleme der Musiker gro\u00dfe Hindernisse. Alle Musikst\u00fccke mussten notiert werden und der GEMA gemeldet werden, die ihrerseits Geb\u00fchren erhob. Auch von uns als Veranstalter (der Deutsch-Britische-Verein Biebertal) wollte die GEMA Geld haben.<br>Es war daher notwendig, eine geringe Geb\u00fchr als Eintritt f\u00fcr die eine oder andere Veranstaltung zu erheben. Es waren 5 DM, die von den Besuchern bezahlt werden mussten, bei geschlossenen Konzerten.<br>Das Geld reichte f\u00fcr die Musiker vorn und hinten nicht, meist nur f\u00fcr die An- und Abreise. F\u00fcr die Musiker waren es daher eher Urlaubstage in Biebertal, mit etwa 5 &#8211; 7 Konzerten in 10 Tagen.<\/p>\n\n\n\n<p><strong>Das Problem mit den Verdienstm\u00f6glichkeiten der K\u00fcnstler<\/strong> ist an allen Ecken und Kanten unseres Gesellschaftssystem vorhanden. Das <strong>hat sich in den letzten 25 Jahren nicht ge\u00e4ndert, leider.<\/strong><br>Vielleicht bieten neue Technlogien aber eine L\u00f6sung, die den K\u00fcnstlern etwa 70 bis 80% ihrer Einnahmen zukommen lassen, statt bisher nur 20-30% . <\/p>\n\n\n\n<p><strong>Dar\u00fcber werde ich im Dezember berichten<\/strong>, denn einige digitale Verfahren sind aktuell im Aufbau, die dieses erm\u00f6glichen k\u00f6nnen. Nicht nur im K\u00fcnstlerbereich.<\/p>\n\n\n\n<p><strong><em><span class=\"has-inline-color has-tertiary-color\">Dieser Beitrag ist noch in Arbeit. Es werden noch Foto- und Audiodateien eingef\u00fcgt.<\/span><\/em><\/strong><\/p>\n\n\n\n<hr class=\"wp-block-separator has-text-color has-dark-gray-color has-alpha-channel-opacity has-dark-gray-background-color has-background is-style-wide\"\/>\n\n\n\n<p style=\"font-size:12px\"><strong>Foto der Band: https:\/\/www.jazznorthwest.co.uk\/a_davies.htm<\/strong><br><strong>CD: Winfried Senger<\/strong><\/p>\n","protected":false},"excerpt":{"rendered":"<p>25 Jahre ist es her, und schon fast vergessen. Etwa 10 Jahre lang war die DELTA-Jazzband zu Gast in Biebertal, auf Einladung des Deutsch-Britischen Vereins Biebertal.Es waren immer aufregende Tage, meistens sehr spannend, bis ein Konzert dann wirklich startete und auch spannend, wenn es mal eine Panne gab. Insgesamt klappte es aber fast immer; und &hellip; <\/p>\n<p class=\"link-more\"><a href=\"https:\/\/kunst.bibibo.info\/?p=17326\" class=\"more-link\">Mehr <span class=\"screen-reader-text\">\u00fcber &#8222;Vor 25 Jahren: DELTA-JAZZ in Biebertal&#8220; <\/span>Lesen<\/a><\/p>\n","protected":false},"author":1,"featured_media":0,"comment_status":"open","ping_status":"closed","sticky":false,"template":"","format":"standard","meta":{"footnotes":""},"categories":[8],"tags":[108,110,109],"class_list":["post-17326","post","type-post","status-publish","format-standard","hentry","category-musiker","tag-delta-jazz","tag-deutsch-franzoesischer-verein","tag-jazz"],"_links":{"self":[{"href":"https:\/\/kunst.bibibo.info\/index.php?rest_route=\/wp\/v2\/posts\/17326","targetHints":{"allow":["GET"]}}],"collection":[{"href":"https:\/\/kunst.bibibo.info\/index.php?rest_route=\/wp\/v2\/posts"}],"about":[{"href":"https:\/\/kunst.bibibo.info\/index.php?rest_route=\/wp\/v2\/types\/post"}],"author":[{"embeddable":true,"href":"https:\/\/kunst.bibibo.info\/index.php?rest_route=\/wp\/v2\/users\/1"}],"replies":[{"embeddable":true,"href":"https:\/\/kunst.bibibo.info\/index.php?rest_route=%2Fwp%2Fv2%2Fcomments&post=17326"}],"version-history":[{"count":13,"href":"https:\/\/kunst.bibibo.info\/index.php?rest_route=\/wp\/v2\/posts\/17326\/revisions"}],"predecessor-version":[{"id":17346,"href":"https:\/\/kunst.bibibo.info\/index.php?rest_route=\/wp\/v2\/posts\/17326\/revisions\/17346"}],"wp:attachment":[{"href":"https:\/\/kunst.bibibo.info\/index.php?rest_route=%2Fwp%2Fv2%2Fmedia&parent=17326"}],"wp:term":[{"taxonomy":"category","embeddable":true,"href":"https:\/\/kunst.bibibo.info\/index.php?rest_route=%2Fwp%2Fv2%2Fcategories&post=17326"},{"taxonomy":"post_tag","embeddable":true,"href":"https:\/\/kunst.bibibo.info\/index.php?rest_route=%2Fwp%2Fv2%2Ftags&post=17326"}],"curies":[{"name":"wp","href":"https:\/\/api.w.org\/{rel}","templated":true}]}}