{"id":17380,"date":"2023-03-21T17:58:30","date_gmt":"2023-03-21T16:58:30","guid":{"rendered":"https:\/\/kunst.bibibo.de\/?p=17380"},"modified":"2025-02-17T10:32:10","modified_gmt":"2025-02-17T09:32:10","slug":"chorkonzert-martinee-in-der-kath-kirche-st-anna","status":"publish","type":"post","link":"https:\/\/kunst.bibibo.info\/?p=17380","title":{"rendered":"Chorkonzert: Matinee in der kath. Kirche St. Anna"},"content":{"rendered":"\n<div class=\"wp-block-columns is-layout-flex wp-container-core-columns-is-layout-28f84493 wp-block-columns-is-layout-flex\">\n<div class=\"wp-block-column is-layout-flow wp-block-column-is-layout-flow\">\n<div class=\"wp-block-image\"><figure class=\"alignright size-full is-resized\"><img loading=\"lazy\" decoding=\"async\" src=\"https:\/\/kunst.bibibo.info\/wp-content\/uploads\/2023\/03\/Screenshot-2023-03-21-154204.jpg\" alt=\"\" class=\"wp-image-17381\" width=\"294\" height=\"182\"\/><\/figure><\/div>\n\n\n\n<div class=\"wp-block-image\"><figure class=\"aligncenter size-large is-resized\"><img loading=\"lazy\" decoding=\"async\" src=\"https:\/\/kunst.bibibo.info\/wp-content\/uploads\/2023\/03\/photo_2023-03-21_09-14-41-724x1024.jpg\" alt=\"\" class=\"wp-image-17383\" width=\"267\" height=\"377\" srcset=\"https:\/\/kunst.bibibo.info\/wp-content\/uploads\/2023\/03\/photo_2023-03-21_09-14-41-724x1024.jpg 724w, https:\/\/kunst.bibibo.info\/wp-content\/uploads\/2023\/03\/photo_2023-03-21_09-14-41-212x300.jpg 212w, https:\/\/kunst.bibibo.info\/wp-content\/uploads\/2023\/03\/photo_2023-03-21_09-14-41-768x1086.jpg 768w, https:\/\/kunst.bibibo.info\/wp-content\/uploads\/2023\/03\/photo_2023-03-21_09-14-41.jpg 905w\" sizes=\"auto, (max-width: 267px) 100vw, 267px\" \/><\/figure><\/div>\n<\/div>\n\n\n\n<div class=\"wp-block-column is-layout-flow wp-block-column-is-layout-flow\">\n<p><strong>Begr\u00fc\u00dfung durch<br>Gottfried Tsch\u00f6p f\u00fcr die Kirche, <\/strong><br><strong>Barbara Lindemann f\u00fcr den Gesangverein\u00a0Eintracht Rodheim\u00a01863 e.V.\u00a0und den Chorleiter Rainer Geitl<\/strong><br>(unten im Hintergrund des Bildes der 44 k\u00f6pfige <strong>Projektchor \u201eChoRockt\u201c<\/strong>)<\/p>\n\n\n\n<figure class=\"wp-block-image size-large\"><img loading=\"lazy\" decoding=\"async\" width=\"1024\" height=\"586\" src=\"https:\/\/kunst.bibibo.info\/wp-content\/uploads\/2023\/03\/Screenshot-2023-03-21-153811-1024x586.jpg\" alt=\"\" class=\"wp-image-17382\" srcset=\"https:\/\/kunst.bibibo.info\/wp-content\/uploads\/2023\/03\/Screenshot-2023-03-21-153811-1024x586.jpg 1024w, https:\/\/kunst.bibibo.info\/wp-content\/uploads\/2023\/03\/Screenshot-2023-03-21-153811-300x172.jpg 300w, https:\/\/kunst.bibibo.info\/wp-content\/uploads\/2023\/03\/Screenshot-2023-03-21-153811-768x439.jpg 768w, https:\/\/kunst.bibibo.info\/wp-content\/uploads\/2023\/03\/Screenshot-2023-03-21-153811-1536x879.jpg 1536w, https:\/\/kunst.bibibo.info\/wp-content\/uploads\/2023\/03\/Screenshot-2023-03-21-153811.jpg 1591w\" sizes=\"auto, (max-width: 1024px) 100vw, 1024px\" \/><\/figure>\n<\/div>\n<\/div>\n\n\n\n<p>Mehr noch, als unten im Bild zu sehen, waren die Kirchenr\u00e4nge vollends besetzt und die Stimmung erwartungsvoll gespannt. Wie schon zuvor berichtet waren der&nbsp;<strong><a rel=\"noreferrer noopener\" href=\"https:\/\/chor-eintracht-rodheim.de\/projektchor-chorockt\/\" target=\"_blank\">Einladung zum Projektchor&nbsp;<\/a><\/strong>in diesem Fr\u00fchjahr 40 S\u00e4ngerinnen und S\u00e4nger aus der Region gefolgt.<\/p>\n\n\n\n<figure class=\"wp-block-image\"><img decoding=\"async\" src=\"https:\/\/nachrichten.biebertaler-bilderbogen.de\/wp-content\/uploads\/2023\/03\/photo_2023-03-19_15-32-33-1024x485.jpg\" alt=\"\" class=\"wp-image-19025\"\/><\/figure>\n\n\n\n<p>Vor dem Auftritt des Projektchores mit Deutschrock gab es Ohrenschmaus vom Frauenchor&nbsp;<strong>\u201eSing &amp; Swing\u201c<\/strong>&nbsp;mit<br>\u201eGet up and sing\u201c, \u201eFlashlight\u201c, \u201eCircle of life\u201c und \u201eAll my loving\u201c.<br>Der zahlenm\u00e4\u00dfig kleinere&nbsp;<strong>gemischte Chor<\/strong>&nbsp;des Gesangvereins&nbsp;Eintracht Rodheim&nbsp;1863 e.V. performte<br>\u201e\u00dcber sieben Br\u00fccken\u201c, \u201e\u00dcber den Wolken\u201c und \u201eJoshua\u201c.<br><strong>Der Projektchor<\/strong>&nbsp;<strong>ChoRockt,&nbsp;<\/strong>nach 5 Probenachmittagen,<br>\u201eAn Tagen wie diesen\u201c, \u201eWesterland\u201c, \u201eSkandal um Rosi\u201c und \u201eTabaluga\u201c \u2013 je gefolgt von frenetischem Applaus und Pfiffen;<br>und um eine Zugabe kam die Gruppen nicht herum.<br>Hier nur einige kurze&nbsp;<strong>Videoausschnitte&nbsp;<\/strong>aus dem Programm. Die vollst\u00e4ndigen Liedbeitrage werden bald auf der&nbsp;<strong><a href=\"https:\/\/chor-eintracht-rodheim.de\/\" target=\"_blank\" rel=\"noreferrer noopener\">Webseite des Vereins&nbsp;<\/a><\/strong>abzurufen sein. Ein Besuch der Seite, die auch fr\u00fchere Konzerte dokumentiert, lohnt allemal.<video controls=\"\" src=\"https:\/\/nachrichten.biebertaler-bilderbogen.de\/wp-content\/uploads\/2023\/03\/video_2023-03-21_15-41-28.mp4\"><\/video><strong>Get up an sing<\/strong><video controls=\"\" src=\"https:\/\/nachrichten.biebertaler-bilderbogen.de\/wp-content\/uploads\/2023\/03\/video_2023-03-21_15-41-22.mp4\"><\/video><strong>Flashlight<\/strong><video controls=\"\" src=\"https:\/\/nachrichten.biebertaler-bilderbogen.de\/wp-content\/uploads\/2023\/03\/video_2023-03-21_15-41-10-Koenig-der-Loewen.mp4\"><\/video><strong>\u201eCircle of life\u201c<\/strong><video controls=\"\" src=\"https:\/\/nachrichten.biebertaler-bilderbogen.de\/wp-content\/uploads\/2023\/03\/video_2023-03-21_15-41-16-All-my-loving.mp4\"><\/video><strong>\u201eAll my loving\u201c<\/strong><video controls=\"\" src=\"https:\/\/nachrichten.biebertaler-bilderbogen.de\/wp-content\/uploads\/2023\/03\/video_2023-03-21_15-40-11.mp4\"><\/video><strong>\u201e\u00dcber sieben Br\u00fccken musst Du geh\u00b4n\u201c<\/strong><video controls=\"\" src=\"https:\/\/nachrichten.biebertaler-bilderbogen.de\/wp-content\/uploads\/2023\/03\/video_2023-03-21_15-40-42.mp4\"><\/video><strong>\u201e\u00dcber den Wolken \u2026\u201c<\/strong><video controls=\"\" src=\"https:\/\/nachrichten.biebertaler-bilderbogen.de\/wp-content\/uploads\/2023\/03\/video_2023-03-21_15-39-12.mp4\"><\/video><strong>An Tagen wie diesen \u2026<\/strong><video controls=\"\" src=\"https:\/\/nachrichten.biebertaler-bilderbogen.de\/wp-content\/uploads\/2023\/03\/video_2023-03-21_15-39-57.mp4\"><\/video><strong>\u201eTabaluga\u201c<\/strong><video controls=\"\" src=\"https:\/\/nachrichten.biebertaler-bilderbogen.de\/wp-content\/uploads\/2023\/03\/video_2023-03-21_15-40-05-Weterland.mp4\"><\/video><strong>\u201eWesterland\u201c<\/strong><video controls=\"\" src=\"https:\/\/nachrichten.biebertaler-bilderbogen.de\/wp-content\/uploads\/2023\/03\/video_2023-03-21_15-39-50-Skandal-um-Rosi-2.mp4\"><\/video><strong>\u201eSkandal um Rosi\u201c<\/strong><\/p>\n\n\n\n<p style=\"font-size:12px\"><strong>Fotos und Videos: Lindemann<\/strong><\/p>\n","protected":false},"excerpt":{"rendered":"<p>Begr\u00fc\u00dfung durchGottfried Tsch\u00f6p f\u00fcr die Kirche, Barbara Lindemann f\u00fcr den Gesangverein\u00a0Eintracht Rodheim\u00a01863 e.V.\u00a0und den Chorleiter Rainer Geitl(unten im Hintergrund des Bildes der 44 k\u00f6pfige Projektchor \u201eChoRockt\u201c) Mehr noch, als unten im Bild zu sehen, waren die Kirchenr\u00e4nge vollends besetzt und die Stimmung erwartungsvoll gespannt. Wie schon zuvor berichtet waren der&nbsp;Einladung zum Projektchor&nbsp;in diesem Fr\u00fchjahr 40 &hellip; <\/p>\n<p class=\"link-more\"><a href=\"https:\/\/kunst.bibibo.info\/?p=17380\" class=\"more-link\">Mehr <span class=\"screen-reader-text\">\u00fcber &#8222;Chorkonzert: Matinee in der kath. Kirche St. Anna&#8220; <\/span>Lesen<\/a><\/p>\n","protected":false},"author":3,"featured_media":0,"comment_status":"open","ping_status":"open","sticky":false,"template":"","format":"standard","meta":{"footnotes":""},"categories":[4,8],"tags":[84,119,118,47],"class_list":["post-17380","post","type-post","status-publish","format-standard","hentry","category-kuenstler","category-musiker","tag-eintracht-rodheim","tag-gemischter-chor","tag-projektchor-chorockt","tag-sing-swing"],"_links":{"self":[{"href":"https:\/\/kunst.bibibo.info\/index.php?rest_route=\/wp\/v2\/posts\/17380","targetHints":{"allow":["GET"]}}],"collection":[{"href":"https:\/\/kunst.bibibo.info\/index.php?rest_route=\/wp\/v2\/posts"}],"about":[{"href":"https:\/\/kunst.bibibo.info\/index.php?rest_route=\/wp\/v2\/types\/post"}],"author":[{"embeddable":true,"href":"https:\/\/kunst.bibibo.info\/index.php?rest_route=\/wp\/v2\/users\/3"}],"replies":[{"embeddable":true,"href":"https:\/\/kunst.bibibo.info\/index.php?rest_route=%2Fwp%2Fv2%2Fcomments&post=17380"}],"version-history":[{"count":2,"href":"https:\/\/kunst.bibibo.info\/index.php?rest_route=\/wp\/v2\/posts\/17380\/revisions"}],"predecessor-version":[{"id":17569,"href":"https:\/\/kunst.bibibo.info\/index.php?rest_route=\/wp\/v2\/posts\/17380\/revisions\/17569"}],"wp:attachment":[{"href":"https:\/\/kunst.bibibo.info\/index.php?rest_route=%2Fwp%2Fv2%2Fmedia&parent=17380"}],"wp:term":[{"taxonomy":"category","embeddable":true,"href":"https:\/\/kunst.bibibo.info\/index.php?rest_route=%2Fwp%2Fv2%2Fcategories&post=17380"},{"taxonomy":"post_tag","embeddable":true,"href":"https:\/\/kunst.bibibo.info\/index.php?rest_route=%2Fwp%2Fv2%2Ftags&post=17380"}],"curies":[{"name":"wp","href":"https:\/\/api.w.org\/{rel}","templated":true}]}}