{"id":17495,"date":"2024-01-11T18:58:35","date_gmt":"2024-01-11T17:58:35","guid":{"rendered":"https:\/\/kunst.biebertaler-bilderbogen.de\/?p=17495"},"modified":"2024-01-20T15:10:58","modified_gmt":"2024-01-20T14:10:58","slug":"neues-bild-in-udos-laedchen-in-frankenbach","status":"publish","type":"post","link":"https:\/\/kunst.bibibo.info\/?p=17495","title":{"rendered":"Neues Bild in Udo\u00b4s L\u00e4dchen in Frankenbach"},"content":{"rendered":"\n<figure class=\"wp-block-image\"><img decoding=\"async\" src=\"https:\/\/nachrichten.biebertaler-bilderbogen.de\/wp-content\/uploads\/2024\/01\/IMG_20240110_182544-002-718x1024.jpg\" alt=\"\" class=\"wp-image-22618\"\/><\/figure>\n\n\n\n<p>Im Kreise der Biebertaler Kunstschaffenden wollen wir heute auf&nbsp;<strong>Irma L\u00f6w<\/strong>&nbsp;hinweisen und d\u00fcrfen hier eine ihrer Arbeiten pr\u00e4sentieren.<br>Ihr Bild \u201e<strong>Uhrenturm im Gail\u00b4schen Park<\/strong>\u201c ist aktuell in&nbsp;<strong><a href=\"http:\/\/www.udosbackmobil.de\/\" target=\"_blank\" rel=\"noreferrer noopener\">Udo\u00b4s B\u00e4ckerl\u00e4dchen<\/a><\/strong>&nbsp;in Frankenbach zu bewundern. Der Keramikturm ist ein 40 x 80 cm gro\u00dfes Exponat in Acryl. Das Bild mit dem Motiv aus dem englischen Landschaftspark<strong>&nbsp;<\/strong>in Rodheim ist im Rahmen eines Kurses vom Landkreis Gie\u00dfen unter Anleitung von Josef Krahforst im Rodheimer B\u00fcrgerhaus entstanden.<br>Frau L\u00f6w, selbst gelernte Krankenschwester, experimentiert seit 20 Jahren bevorzug mit der Aquarelltechnik. Deren Ergebnisse hat sie zuvor schon in der Kinderklinik in Gie\u00dfen und in der Au\u00dfenstelle der VHS in Lich ausgestellt. Nun zeigte sie sich besonders erfreut, in Frankenbach ausstellen zu d\u00fcrfen. Denn als Frau vom&nbsp;<strong><a href=\"https:\/\/hugv-frankenbach.de\/index.php\/2022\/08\/29\/ekkehardt-loew-gibt-nach-36-jahren-den-vorsitz-im-heimat-und-geschichtsverein-frankenbach-ab\/\" target=\"_blank\" rel=\"noreferrer noopener\">Heimatfreund Frankenbachs<\/a><\/strong>&nbsp;Ekkehardt L\u00f6w, f\u00fchle sie sich dem Ort sehr verbunden; auch wenn die Familie l\u00e4ngst in Bieber wohnt.<\/p>\n\n\n\n<p>Als Blickfang im Verkaufsraum des B\u00e4ckerl\u00e4dchens l\u00f6st es das Bild \u201eDie Rose\u201c von J\u00f6rg Schlierbach ab, dessen Arbeiten zum Teil im Rahmen der&nbsp;<strong><a href=\"https:\/\/kunst.biebertaler-bilderbogen.de\/zwischentoene-kunstausstellung-oktober-2022\/\" target=\"_blank\" rel=\"noreferrer noopener\">Ausstellung \u201eZwischent\u00f6ne\u201c&nbsp;<\/a><\/strong>\u00b4vom Oktober 2022 in unserer Galerie zu finden sind.<br>Der r\u00fchrige Thomas Prochazka organisiert den Wechsel der Bilder, die dann neben den Backwaren, die Besucher, wie den Ladeninhaber Udo Werther und seine Frau Johanna erfreuen.<\/p>\n\n\n\n<p style=\"font-size:12px\"><strong>Foto: Irma L\u00f6w<\/strong><\/p>\n","protected":false},"excerpt":{"rendered":"<p>Im Kreise der Biebertaler Kunstschaffenden wollen wir heute auf&nbsp;Irma L\u00f6w&nbsp;hinweisen und d\u00fcrfen hier eine ihrer Arbeiten pr\u00e4sentieren.Ihr Bild \u201eUhrenturm im Gail\u00b4schen Park\u201c ist aktuell in&nbsp;Udo\u00b4s B\u00e4ckerl\u00e4dchen&nbsp;in Frankenbach zu bewundern. Der Keramikturm ist ein 40 x 80 cm gro\u00dfes Exponat in Acryl. Das Bild mit dem Motiv aus dem englischen Landschaftspark&nbsp;in Rodheim ist im Rahmen eines &hellip; <\/p>\n<p class=\"link-more\"><a href=\"https:\/\/kunst.bibibo.info\/?p=17495\" class=\"more-link\">Mehr <span class=\"screen-reader-text\">\u00fcber &#8222;Neues Bild in Udo\u00b4s L\u00e4dchen in Frankenbach&#8220; <\/span>Lesen<\/a><\/p>\n","protected":false},"author":3,"featured_media":0,"comment_status":"open","ping_status":"open","sticky":false,"template":"","format":"standard","meta":{"footnotes":""},"categories":[4,7],"tags":[133,134,79,135,136,137,138,139,140],"class_list":["post-17495","post","type-post","status-publish","format-standard","hentry","category-kuenstler","category-maler","tag-ausstellung-zwischentoene","tag-ekkehardt-loew","tag-frankenbach","tag-heimatverein","tag-irma-loew","tag-joerg-schlierbach","tag-malerei","tag-udo-werther","tag-udos-baeckerlaedchen"],"_links":{"self":[{"href":"https:\/\/kunst.bibibo.info\/index.php?rest_route=\/wp\/v2\/posts\/17495","targetHints":{"allow":["GET"]}}],"collection":[{"href":"https:\/\/kunst.bibibo.info\/index.php?rest_route=\/wp\/v2\/posts"}],"about":[{"href":"https:\/\/kunst.bibibo.info\/index.php?rest_route=\/wp\/v2\/types\/post"}],"author":[{"embeddable":true,"href":"https:\/\/kunst.bibibo.info\/index.php?rest_route=\/wp\/v2\/users\/3"}],"replies":[{"embeddable":true,"href":"https:\/\/kunst.bibibo.info\/index.php?rest_route=%2Fwp%2Fv2%2Fcomments&post=17495"}],"version-history":[{"count":1,"href":"https:\/\/kunst.bibibo.info\/index.php?rest_route=\/wp\/v2\/posts\/17495\/revisions"}],"predecessor-version":[{"id":17496,"href":"https:\/\/kunst.bibibo.info\/index.php?rest_route=\/wp\/v2\/posts\/17495\/revisions\/17496"}],"wp:attachment":[{"href":"https:\/\/kunst.bibibo.info\/index.php?rest_route=%2Fwp%2Fv2%2Fmedia&parent=17495"}],"wp:term":[{"taxonomy":"category","embeddable":true,"href":"https:\/\/kunst.bibibo.info\/index.php?rest_route=%2Fwp%2Fv2%2Fcategories&post=17495"},{"taxonomy":"post_tag","embeddable":true,"href":"https:\/\/kunst.bibibo.info\/index.php?rest_route=%2Fwp%2Fv2%2Ftags&post=17495"}],"curies":[{"name":"wp","href":"https:\/\/api.w.org\/{rel}","templated":true}]}}