{"id":1954,"date":"2022-11-03T18:15:16","date_gmt":"2022-11-03T17:15:16","guid":{"rendered":"https:\/\/kunst.bibibo.de\/?p=1954"},"modified":"2022-11-03T18:15:16","modified_gmt":"2022-11-03T17:15:16","slug":"das-war-toll-4-rodheimer-spaetlese","status":"publish","type":"post","link":"https:\/\/kunst.bibibo.info\/?p=1954","title":{"rendered":"Das war toll: 4. Rodheimer Sp\u00e4tlese"},"content":{"rendered":"\n<h4 class=\"wp-block-heading\"> &#8222;Ost in Translation&#8220; und die Gie\u00dfener Tanzsportgemeinschaft Blau-Gold <\/h4>\n\n\n\n<h6 class=\"wp-block-heading\"> Gastbeitrag von Anja Holler, Andreas Aust und Klaus Waldschmidt <\/h6>\n\n\n\n<div class=\"wp-block-image\"><figure class=\"aligncenter size-full is-resized\"><img loading=\"lazy\" decoding=\"async\" src=\"https:\/\/kunst.bibibo.info\/wp-content\/uploads\/2022\/11\/Foto-4.jpgAndy-Ost-Buehne.jpg\" alt=\"\" class=\"wp-image-1955\" width=\"664\" height=\"442\" srcset=\"https:\/\/kunst.bibibo.info\/wp-content\/uploads\/2022\/11\/Foto-4.jpgAndy-Ost-Buehne.jpg 1000w, https:\/\/kunst.bibibo.info\/wp-content\/uploads\/2022\/11\/Foto-4.jpgAndy-Ost-Buehne-300x200.jpg 300w, https:\/\/kunst.bibibo.info\/wp-content\/uploads\/2022\/11\/Foto-4.jpgAndy-Ost-Buehne-768x512.jpg 768w, https:\/\/kunst.bibibo.info\/wp-content\/uploads\/2022\/11\/Foto-4.jpgAndy-Ost-Buehne-120x80.jpg 120w\" sizes=\"auto, (max-width: 664px) 100vw, 664px\" \/><figcaption> <strong>Andy Ost<\/strong>,  <strong>Foto Andreas Aust<\/strong> <\/figcaption><\/figure><\/div>\n\n\n\n<p> <strong>Die 4. Rodheimer Sp\u00e4tlese, veranstaltet von der SKG Rodheim Bieber 1888 e.V., begeisterte im fast ausverkauften Rodheimer B\u00fcrgerhaus mit einer gelungenen Kombination aus Akrobatik im Vorprogramm, Humor, inhaltlichem Tiefgang, Wein und Musik.<\/strong> <\/p>\n\n\n\n<div class=\"wp-block-columns is-layout-flex wp-container-core-columns-is-layout-28f84493 wp-block-columns-is-layout-flex\">\n<div class=\"wp-block-column is-layout-flow wp-block-column-is-layout-flow\">\n<div class=\"wp-block-image\"><figure class=\"aligncenter size-large\"><img loading=\"lazy\" decoding=\"async\" width=\"683\" height=\"1024\" src=\"https:\/\/kunst.bibibo.info\/wp-content\/uploads\/2022\/11\/Foto-3.jpgRing-683x1024.jpg\" alt=\"\" class=\"wp-image-1957\" srcset=\"https:\/\/kunst.bibibo.info\/wp-content\/uploads\/2022\/11\/Foto-3.jpgRing-683x1024.jpg 683w, https:\/\/kunst.bibibo.info\/wp-content\/uploads\/2022\/11\/Foto-3.jpgRing-200x300.jpg 200w, https:\/\/kunst.bibibo.info\/wp-content\/uploads\/2022\/11\/Foto-3.jpgRing-768x1152.jpg 768w, https:\/\/kunst.bibibo.info\/wp-content\/uploads\/2022\/11\/Foto-3.jpgRing.jpg 1000w\" sizes=\"auto, (max-width: 683px) 100vw, 683px\" \/><\/figure><\/div>\n<\/div>\n\n\n\n<div class=\"wp-block-column is-layout-flow wp-block-column-is-layout-flow\">\n<div class=\"wp-block-image\"><figure class=\"aligncenter size-large is-resized\"><img loading=\"lazy\" decoding=\"async\" src=\"https:\/\/kunst.bibibo.info\/wp-content\/uploads\/2022\/11\/Foto-1.jpg-Stange-1-683x1024.jpg\" alt=\"\" class=\"wp-image-1958\" width=\"365\" height=\"547\" srcset=\"https:\/\/kunst.bibibo.info\/wp-content\/uploads\/2022\/11\/Foto-1.jpg-Stange-1-683x1024.jpg 683w, https:\/\/kunst.bibibo.info\/wp-content\/uploads\/2022\/11\/Foto-1.jpg-Stange-1-200x300.jpg 200w, https:\/\/kunst.bibibo.info\/wp-content\/uploads\/2022\/11\/Foto-1.jpg-Stange-1-768x1152.jpg 768w, https:\/\/kunst.bibibo.info\/wp-content\/uploads\/2022\/11\/Foto-1.jpg-Stange-1.jpg 1000w\" sizes=\"auto, (max-width: 365px) 100vw, 365px\" \/><figcaption> <strong>Beide Fotos Klaus Waldschmidt<\/strong> <\/figcaption><\/figure><\/div>\n<\/div>\n<\/div>\n\n\n\n<p> <strong>Das Vorprogramm gestaltete die Tanzsportgemeinschaft Blau-Gold Gie\u00dfen<\/strong>. Die T\u00e4nzerinnen pr\u00e4sentierten auf h\u00f6chstem Niveau  <strong>\u201eAerial Hoop\u201c und \u201ePole Dance\u201c<\/strong> in Vollendung.<br>Gezeigt wurden akrobatische Elemente, t\u00e4nzerisch in der Luft kombiniert. <strong>Die Tanzsportgemeinschaft Blau-Gold Gie\u00dfen hat etliche Deutsche Meistertitel und sogar Weltmeistertitel vorzuweisen,<\/strong> die sich die Athlet*Innen mit viel Disziplin und Leidenschaft erk\u00e4mpft haben.<br><strong>Die Darbietungen wurden mit gro\u00dfem Applaus gew\u00fcrdigt.<\/strong> <\/p>\n\n\n\n<p> <strong>Im Hauptprogramm pr\u00e4sentierte Andy Ost sein neues Programm \u201eOst in Translation\u201c. <\/strong><br>Da blieb kein Auge trocken.<br>Ost nimmt sich ganz nebenbei den h\u00e4rtesten Gegner zur Brust, den ein Humorarbeiter \u00fcberhaupt haben kann: <br>Sich selbst! Denn bis zum gefeierten Entertainer war es f\u00fcr Andy Ost ein langer Weg, eine spannende Vita mit irren Wendungen, gigantischen H\u00f6hen und abgr\u00fcndigen Tiefen inklusive. Und das alles im wahrsten Sinne des Wortes: Bub vom Land, Fastnachtsstar, Berufspilot, Krankheit, Depression, Comedian: Wahnsinn!<br>\u201eOst in Translation\u201c ist mehr als leichte Unterhaltung oder ein blo\u00dfes Gagfeuerwerk. Es ist ein in die eigene Vergangenheit blickender Schlagabtausch mit dem eigenen Sein, ein lebendiger Widerspruch zwischen \u201eentweder oder\u201c und \u201esowohl als auch\u201c und der erstaunlichen Erkenntnis, wie viele Pointen dort versteckt sind. <\/p>\n\n\n\n<div class=\"wp-block-columns is-layout-flex wp-container-core-columns-is-layout-28f84493 wp-block-columns-is-layout-flex\">\n<div class=\"wp-block-column is-layout-flow wp-block-column-is-layout-flow\">\n<div class=\"wp-block-image\"><figure class=\"aligncenter size-full\"><img loading=\"lazy\" decoding=\"async\" width=\"1000\" height=\"804\" src=\"https:\/\/kunst.bibibo.info\/wp-content\/uploads\/2022\/11\/Foto-9.jpgAndy-Ost-2.jpg\" alt=\"\" class=\"wp-image-1959\" srcset=\"https:\/\/kunst.bibibo.info\/wp-content\/uploads\/2022\/11\/Foto-9.jpgAndy-Ost-2.jpg 1000w, https:\/\/kunst.bibibo.info\/wp-content\/uploads\/2022\/11\/Foto-9.jpgAndy-Ost-2-300x241.jpg 300w, https:\/\/kunst.bibibo.info\/wp-content\/uploads\/2022\/11\/Foto-9.jpgAndy-Ost-2-768x617.jpg 768w\" sizes=\"auto, (max-width: 1000px) 100vw, 1000px\" \/><figcaption> <strong>Andy Ost   Foto Andreas Aust<\/strong> <\/figcaption><\/figure><\/div>\n<\/div>\n\n\n\n<div class=\"wp-block-column is-layout-flow wp-block-column-is-layout-flow\">\n<div class=\"wp-block-image\"><figure class=\"aligncenter size-full is-resized\"><img loading=\"lazy\" decoding=\"async\" src=\"https:\/\/kunst.bibibo.info\/wp-content\/uploads\/2022\/11\/Foto-6.jpgPublikum.jpg\" alt=\"\" class=\"wp-image-1960\" width=\"453\" height=\"302\" srcset=\"https:\/\/kunst.bibibo.info\/wp-content\/uploads\/2022\/11\/Foto-6.jpgPublikum.jpg 1000w, https:\/\/kunst.bibibo.info\/wp-content\/uploads\/2022\/11\/Foto-6.jpgPublikum-300x200.jpg 300w, https:\/\/kunst.bibibo.info\/wp-content\/uploads\/2022\/11\/Foto-6.jpgPublikum-768x512.jpg 768w, https:\/\/kunst.bibibo.info\/wp-content\/uploads\/2022\/11\/Foto-6.jpgPublikum-120x80.jpg 120w\" sizes=\"auto, (max-width: 453px) 100vw, 453px\" \/><figcaption> <strong>Blick in den dezent-farbenfroh beleuchten gro\u00dfen Saal des <br>Rodheimer B\u00fcrgerhauses.         Foto: Klaus Waldschmidt<\/strong> <\/figcaption><\/figure><\/div>\n<\/div>\n<\/div>\n\n\n\n<p> So berichtet Ost von seinen Erlebnissen im Krei\u00dfsaal und beleuchtet die unterschiedlichen Anforderungen an die Feiern anl\u00e4sslich seines 18. beziehungsweise 40 Geburtstages (letzterer fiel zum Gl\u00fcck des Entertainers Corona zum Opfer).<br>Untermalt werden die \u201eGeschichten\u201c musikalisch mit \u201ethematisch angepassten\u201c Texten ber\u00fchmter Songs und Interpreten. Von Herbert Gr\u00f6nemeyer \u00fcber Leonard Cohen, Eros Ramazotti und Udo Lindenberg war hier alles zu finden. Und nat\u00fcrlich durfte auch die \u201eLaila-Problematik\u201c nicht fehlen: bei Ost ging es hier v\u00f6llig politisch korrekt um \u201e`nen Rottweiler\u201c.<br>Zwischendurch wurden auch immer wieder tiefgr\u00fcndige Eigenkreationen von Ost musikalisch dargeboten, wobei er sich selbst auf der Gitarre begleitete, unterst\u00fctzt von Pianist Julian. Hier handelte es sich um sehr private Momente, wenn Ost ein Lied sang, das er anl\u00e4sslich der Geburt seiner zweiten Tochter schrieb. <\/p>\n\n\n\n<div class=\"wp-block-image\"><figure class=\"aligncenter size-full is-resized\"><img loading=\"lazy\" decoding=\"async\" src=\"https:\/\/kunst.bibibo.info\/wp-content\/uploads\/2022\/11\/Foto-5.jpgAndy-Ost-Begleitung.jpg\" alt=\"\" class=\"wp-image-1961\" width=\"637\" height=\"424\" srcset=\"https:\/\/kunst.bibibo.info\/wp-content\/uploads\/2022\/11\/Foto-5.jpgAndy-Ost-Begleitung.jpg 1000w, https:\/\/kunst.bibibo.info\/wp-content\/uploads\/2022\/11\/Foto-5.jpgAndy-Ost-Begleitung-300x200.jpg 300w, https:\/\/kunst.bibibo.info\/wp-content\/uploads\/2022\/11\/Foto-5.jpgAndy-Ost-Begleitung-768x512.jpg 768w, https:\/\/kunst.bibibo.info\/wp-content\/uploads\/2022\/11\/Foto-5.jpgAndy-Ost-Begleitung-120x80.jpg 120w\" sizes=\"auto, (max-width: 637px) 100vw, 637px\" \/><figcaption> <strong>Julian am Keyboard und Andy Ost an der Gitarre in Aktion.<br>Foto: Klaus Waldschmidt<\/strong> <\/figcaption><\/figure><\/div>\n\n\n\n<p><strong>\u00a0\u201eOst in Translation\u201c <\/strong>verbindet auf charmante Art und Weise tiefgehenden Humor mit fesselnder Musik, grandiosen Albernheiten mit ost\u00b4schem Charme und ganz pers\u00f6nlichen Momenten mit purem Optimismus. Und das alles ohne jemals behaupten zu wollen, er w\u00fcsste es auch nur im Ansatz besser\u2026<br>Andy Ost ist humorvoll und tiefsinnig. Und obendrein ein genialer Musiker. Und dabei so herrlich \u201enormal\u201c und nat\u00fcrlich: der Andy von nebenan. <\/p>\n\n\n\n<div class=\"wp-block-image\"><figure class=\"aligncenter size-full is-resized\"><img loading=\"lazy\" decoding=\"async\" src=\"https:\/\/kunst.bibibo.info\/wp-content\/uploads\/2022\/11\/Foto-7.jpgAkrobatik-Gruppe.jpg\" alt=\"\" class=\"wp-image-1962\" width=\"663\" height=\"497\" srcset=\"https:\/\/kunst.bibibo.info\/wp-content\/uploads\/2022\/11\/Foto-7.jpgAkrobatik-Gruppe.jpg 1000w, https:\/\/kunst.bibibo.info\/wp-content\/uploads\/2022\/11\/Foto-7.jpgAkrobatik-Gruppe-300x225.jpg 300w, https:\/\/kunst.bibibo.info\/wp-content\/uploads\/2022\/11\/Foto-7.jpgAkrobatik-Gruppe-768x576.jpg 768w\" sizes=\"auto, (max-width: 663px) 100vw, 663px\" \/><figcaption> <strong>Akrobatik-Gruppe    Foto Andreas Aust<\/strong> <\/figcaption><\/figure><\/div>\n\n\n\n<div class=\"wp-block-columns is-layout-flex wp-container-core-columns-is-layout-28f84493 wp-block-columns-is-layout-flex\">\n<div class=\"wp-block-column is-layout-flow wp-block-column-is-layout-flow\">\n<div class=\"wp-block-image\"><figure class=\"aligncenter size-full is-resized\"><img loading=\"lazy\" decoding=\"async\" src=\"https:\/\/kunst.bibibo.info\/wp-content\/uploads\/2022\/11\/Foto-2.jpg-Querseil.jpg\" alt=\"\" class=\"wp-image-1963\" width=\"455\" height=\"303\" srcset=\"https:\/\/kunst.bibibo.info\/wp-content\/uploads\/2022\/11\/Foto-2.jpg-Querseil.jpg 1000w, https:\/\/kunst.bibibo.info\/wp-content\/uploads\/2022\/11\/Foto-2.jpg-Querseil-300x200.jpg 300w, https:\/\/kunst.bibibo.info\/wp-content\/uploads\/2022\/11\/Foto-2.jpg-Querseil-768x512.jpg 768w, https:\/\/kunst.bibibo.info\/wp-content\/uploads\/2022\/11\/Foto-2.jpg-Querseil-120x80.jpg 120w\" sizes=\"auto, (max-width: 455px) 100vw, 455px\" \/><figcaption><strong> Foto Klaus Waldschmidt <\/strong><\/figcaption><\/figure><\/div>\n<\/div>\n\n\n\n<div class=\"wp-block-column is-layout-flow wp-block-column-is-layout-flow\">\n<figure class=\"wp-block-image size-full is-resized\"><img loading=\"lazy\" decoding=\"async\" src=\"https:\/\/kunst.bibibo.info\/wp-content\/uploads\/2022\/11\/Foto-8-1.jpgRinge-1.jpg\" alt=\"\" class=\"wp-image-1965\" width=\"403\" height=\"302\" srcset=\"https:\/\/kunst.bibibo.info\/wp-content\/uploads\/2022\/11\/Foto-8-1.jpgRinge-1.jpg 1000w, https:\/\/kunst.bibibo.info\/wp-content\/uploads\/2022\/11\/Foto-8-1.jpgRinge-1-300x225.jpg 300w, https:\/\/kunst.bibibo.info\/wp-content\/uploads\/2022\/11\/Foto-8-1.jpgRinge-1-768x576.jpg 768w\" sizes=\"auto, (max-width: 403px) 100vw, 403px\" \/><figcaption> <strong>Foto Andreas Aust <\/strong><\/figcaption><\/figure>\n<\/div>\n<\/div>\n\n\n\n<p> Andy Ost war deutlich anzumerken, wie viel Spa\u00df er selbst auf der B\u00fchne hatte. Auf Einw\u00fcrfe des Publikums wurde eingegangen und der ein oder andere Song musste neu begonnen werden, weil Ost \u00fcber sich selbst bzw. das Publikum lachen musste: Einfach sympathisch!<br>So verwunderte es auch nicht, dass der K\u00fcnstler nicht ohne Zugabe verlassen durfte. <\/p>\n\n\n\n<p> Bei der einen oder anderen Flasche Wein des Weingutes Auler und dazu passenden Snacks konnten die Besucher den Abend mit netten Gespr\u00e4chen ausklingen lassen. Das Organisationsteam um Andreas Aust hatte den Saal auch sch\u00f6n gestaltet. Wie bereits bei der 3. Rodheimer Sp\u00e4tlese war der Saal mit Bistrotischen ausgestattet, an denen jeweils vier Personen Platz hatten. Die ansprechende Deko und\u00a0 dezente Tisch-Beleuchtung lie\u00dfen den Saal des B\u00fcrgerhauses fast gem\u00fctlich erscheinen. <\/p>\n\n\n\n<p> <strong>Freuen wir uns schon  jetzt auf die 5. Rodheimer Sp\u00e4tlese!<\/strong> <\/p>\n\n\n\n<div class=\"wp-block-image\"><figure class=\"aligncenter size-full is-resized\"><img loading=\"lazy\" decoding=\"async\" src=\"https:\/\/kunst.bibibo.info\/wp-content\/uploads\/2022\/11\/Foto-11.jpgGruppenfoto.jpg\" alt=\"\" class=\"wp-image-1966\" width=\"675\" height=\"602\" srcset=\"https:\/\/kunst.bibibo.info\/wp-content\/uploads\/2022\/11\/Foto-11.jpgGruppenfoto.jpg 1000w, https:\/\/kunst.bibibo.info\/wp-content\/uploads\/2022\/11\/Foto-11.jpgGruppenfoto-300x268.jpg 300w, https:\/\/kunst.bibibo.info\/wp-content\/uploads\/2022\/11\/Foto-11.jpgGruppenfoto-768x686.jpg 768w\" sizes=\"auto, (max-width: 675px) 100vw, 675px\" \/><figcaption> <strong>Das Organisationsteam. <\/strong><br><strong>Von links: : Anja Holler, Simone Hose, Monika Aust, Andreas Aust, Andy Ost, Pianist Julian, Jenny Sch\u00fctz, Isabel G\u00f6hl, Steffen Failing      Foto Klaus Waldschmidt<\/strong> <\/figcaption><\/figure><\/div>\n","protected":false},"excerpt":{"rendered":"<p>&#8222;Ost in Translation&#8220; und die Gie\u00dfener Tanzsportgemeinschaft Blau-Gold Gastbeitrag von Anja Holler, Andreas Aust und Klaus Waldschmidt Die 4. Rodheimer Sp\u00e4tlese, veranstaltet von der SKG Rodheim Bieber 1888 e.V., begeisterte im fast ausverkauften Rodheimer B\u00fcrgerhaus mit einer gelungenen Kombination aus Akrobatik im Vorprogramm, Humor, inhaltlichem Tiefgang, Wein und Musik. Das Vorprogramm gestaltete die Tanzsportgemeinschaft Blau-Gold &hellip; <\/p>\n<p class=\"link-more\"><a href=\"https:\/\/kunst.bibibo.info\/?p=1954\" class=\"more-link\">Mehr <span class=\"screen-reader-text\">\u00fcber &#8222;Das war toll: 4. Rodheimer Sp\u00e4tlese&#8220; <\/span>Lesen<\/a><\/p>\n","protected":false},"author":2,"featured_media":0,"comment_status":"open","ping_status":"open","sticky":false,"template":"","format":"standard","meta":{"footnotes":""},"categories":[1],"tags":[],"class_list":["post-1954","post","type-post","status-publish","format-standard","hentry","category-uncategorized"],"_links":{"self":[{"href":"https:\/\/kunst.bibibo.info\/index.php?rest_route=\/wp\/v2\/posts\/1954","targetHints":{"allow":["GET"]}}],"collection":[{"href":"https:\/\/kunst.bibibo.info\/index.php?rest_route=\/wp\/v2\/posts"}],"about":[{"href":"https:\/\/kunst.bibibo.info\/index.php?rest_route=\/wp\/v2\/types\/post"}],"author":[{"embeddable":true,"href":"https:\/\/kunst.bibibo.info\/index.php?rest_route=\/wp\/v2\/users\/2"}],"replies":[{"embeddable":true,"href":"https:\/\/kunst.bibibo.info\/index.php?rest_route=%2Fwp%2Fv2%2Fcomments&post=1954"}],"version-history":[{"count":1,"href":"https:\/\/kunst.bibibo.info\/index.php?rest_route=\/wp\/v2\/posts\/1954\/revisions"}],"predecessor-version":[{"id":1967,"href":"https:\/\/kunst.bibibo.info\/index.php?rest_route=\/wp\/v2\/posts\/1954\/revisions\/1967"}],"wp:attachment":[{"href":"https:\/\/kunst.bibibo.info\/index.php?rest_route=%2Fwp%2Fv2%2Fmedia&parent=1954"}],"wp:term":[{"taxonomy":"category","embeddable":true,"href":"https:\/\/kunst.bibibo.info\/index.php?rest_route=%2Fwp%2Fv2%2Fcategories&post=1954"},{"taxonomy":"post_tag","embeddable":true,"href":"https:\/\/kunst.bibibo.info\/index.php?rest_route=%2Fwp%2Fv2%2Ftags&post=1954"}],"curies":[{"name":"wp","href":"https:\/\/api.w.org\/{rel}","templated":true}]}}