{"id":456,"date":"2020-05-15T11:25:27","date_gmt":"2020-05-15T09:25:27","guid":{"rendered":"https:\/\/kunst.bibibo.de\/?p=456"},"modified":"2021-03-15T14:06:30","modified_gmt":"2021-03-15T13:06:30","slug":"juergen-crombach","status":"publish","type":"post","link":"https:\/\/kunst.bibibo.info\/?p=456","title":{"rendered":"J\u00fcrgen Crombach"},"content":{"rendered":"\n<div class=\"wp-block-columns is-layout-flex wp-container-core-columns-is-layout-28f84493 wp-block-columns-is-layout-flex\">\n<div class=\"wp-block-column is-layout-flow wp-block-column-is-layout-flow\">\n<p>Gie\u00dfener Stra\u00dfe 76 <br>35444 Biebertal-Rodheim<\/p>\n\n\n\n<p>Telefon: 06409 \/ 92 76<br>Mobil: 0151 \/ 15 60 98 73<br>Mail: <a href=\"mailto:Kulle45@web.de\">Kulle45@web.de<\/a><\/p>\n\n\n\n<p><strong>Malerst\u00fcbchen<\/strong><br>Helenenstr. 13, Biebertal-Fellingshausen<\/p>\n<\/div>\n\n\n\n<div class=\"wp-block-column is-layout-flow wp-block-column-is-layout-flow\">\n<figure class=\"wp-block-image\"><img decoding=\"async\" src=\"https:\/\/kunst.bibibo.info\/wp-content\/uploads\/2020\/05\/J%C3%BCrgen-Crombach-2.png\" alt=\"Dieses Bild hat ein leeres Alt-Attribut. Der Dateiname ist J%C3%BCrgen-Crombach-2.png\"\/><\/figure>\n<\/div>\n<\/div>\n\n\n\n<p>Herr Crombach ist Mitglied im <strong>Orgateam der Kulturinitiative Biebertal. <\/strong><\/p>\n\n\n\n<div class=\"wp-block-columns is-layout-flex wp-container-core-columns-is-layout-28f84493 wp-block-columns-is-layout-flex\">\n<div class=\"wp-block-column is-layout-flow wp-block-column-is-layout-flow\">\n<figure class=\"wp-block-image size-large\"><img loading=\"lazy\" decoding=\"async\" width=\"502\" height=\"537\" src=\"https:\/\/kunst.bibibo.info\/wp-content\/uploads\/2020\/06\/image-18.png\" alt=\"\" class=\"wp-image-632\" srcset=\"https:\/\/kunst.bibibo.info\/wp-content\/uploads\/2020\/06\/image-18.png 502w, https:\/\/kunst.bibibo.info\/wp-content\/uploads\/2020\/06\/image-18-280x300.png 280w\" sizes=\"auto, (max-width: 502px) 100vw, 502px\" \/><figcaption>Foto: LIndemann<\/figcaption><\/figure>\n<\/div>\n\n\n\n<div class=\"wp-block-column is-layout-flow wp-block-column-is-layout-flow\">\n<p>Er hat sein K\u00f6nnen in diversen Einzel- und Gemeinschaftsausstellungen gezeigt <br>und war mehrfach Preistr\u00e4ger der Oberhessischen Kunstausstellung, Gr\u00fcnberg.<\/p>\n\n\n\n<hr class=\"wp-block-separator\"\/>\n\n\n\n<p>siehe auch <a href=\"https:\/\/kunst.bibibo.info\/galerie-juergen-crombach-1\/\"><strong>Galerie 1<\/strong><\/a> mit seinen Bildern<\/p>\n\n\n\n<p>Herr Crombach malt seit Kindertagen gern. <br>Beruflich war er als Werbeleiter bei der Fa. Schunk in Heuchelheim t\u00e4tig, wo er u.a. 10 Jahre den<br>Schunk-Bildkalender gestaltete.<br>Gern fertigt er noch heute individuelle Gl\u00fcckwunsch- und Einladungskarten.<\/p>\n<\/div>\n<\/div>\n\n\n\n<p>Die von ihm bevorzugten Maltechniken sind: <strong>Pastellkreide, Aquarell, Bleistift, Acryl.<\/strong><br>Hier ein Baum aus dem Garten von Hof Schmitte in Rodheim &#8211; w\u00e4hrend der vier Jahreszeiten, gemalt in vier Stilvarianten.<\/p>\n\n\n\n<figure class=\"wp-block-image size-large\"><img loading=\"lazy\" decoding=\"async\" width=\"1024\" height=\"399\" src=\"https:\/\/kunst.bibibo.info\/wp-content\/uploads\/2020\/06\/image-17-1024x399.png\" alt=\"\" class=\"wp-image-631\" srcset=\"https:\/\/kunst.bibibo.info\/wp-content\/uploads\/2020\/06\/image-17-1024x399.png 1024w, https:\/\/kunst.bibibo.info\/wp-content\/uploads\/2020\/06\/image-17-300x117.png 300w, https:\/\/kunst.bibibo.info\/wp-content\/uploads\/2020\/06\/image-17-768x299.png 768w, https:\/\/kunst.bibibo.info\/wp-content\/uploads\/2020\/06\/image-17-1536x598.png 1536w, https:\/\/kunst.bibibo.info\/wp-content\/uploads\/2020\/06\/image-17.png 1610w\" sizes=\"auto, (max-width: 1024px) 100vw, 1024px\" \/><figcaption>Foto: LIndemann &#8211; Serie im Malst\u00fcbchen des K\u00fcnstlers<\/figcaption><\/figure>\n\n\n\n<p><strong>Fotografieren <\/strong>ist ein weiteres Hobby des <strong>Malers<\/strong>; wobei nicht die Technik der Fotografie, sondern die Motive im Blickfokus liegen. Diese dienen n\u00e4mlich in vielen F\u00e4llen auch als Grundlage f\u00fcr sp\u00e4tere Gem\u00e4lde.<br>Dementsprechend liegen u.a. heimatliche Motive, Urlaubserinnerungen, z.B. aus der Provence, der Toskana oder der Ostsee, sowie Geb\u00e4ude und Blumen, bis hin zu Portraits, in der Beliebtheitsskala seiner Werke vorn. Grunds\u00e4tzlich ist er aber bez\u00fcglich der Motive nach allen Seiten offen. Es werden auch gerne Auftragsarbeiten ausgef\u00fchrt. Sein Malstil ist vorwiegend gegenst\u00e4ndlich, teilweise bis hin zum Fotorealismus. Aber er versucht sich auch ab und zu einmal in Richtung abstrakter Malerei. <br>Der gr\u00f6\u00dfte Teil der Werke, die sich nicht gerade auf einer Ausstellung befinden, ist &#8211; am besten nach vorheriger Vereinbarung &#8211; im <strong>Malerst\u00fcbchen <\/strong>in Fellingshausen zu besichtigen.<\/p>\n\n\n\n<figure class=\"wp-block-video aligncenter\"><video height=\"720\" style=\"aspect-ratio: 1280 \/ 720;\" width=\"1280\" controls src=\"https:\/\/kunst.bibibo.info\/wp-content\/uploads\/2020\/06\/malerst\u00fcbchen-1.mp4\"><\/video><\/figure>\n\n\n\n<p>Quelle: Rainer Rau, Veranstaltungskalender der Gemeinde Biebertal, 2019<\/p>\n\n\n\n<p>Weitere Bilder finden Sie in unserer <a href=\"https:\/\/kunst.bibibo.info\/galerie-juergen-crombach-1\/\"><strong>Galerie<\/strong><\/a>.<\/p>\n","protected":false},"excerpt":{"rendered":"<p>Gie\u00dfener Stra\u00dfe 76 35444 Biebertal-Rodheim Telefon: 06409 \/ 92 76Mobil: 0151 \/ 15 60 98 73Mail: Kulle45@web.de Malerst\u00fcbchenHelenenstr. 13, Biebertal-Fellingshausen Herr Crombach ist Mitglied im Orgateam der Kulturinitiative Biebertal. Er hat sein K\u00f6nnen in diversen Einzel- und Gemeinschaftsausstellungen gezeigt und war mehrfach Preistr\u00e4ger der Oberhessischen Kunstausstellung, Gr\u00fcnberg. siehe auch Galerie 1 mit seinen Bildern Herr &hellip; <\/p>\n<p class=\"link-more\"><a href=\"https:\/\/kunst.bibibo.info\/?p=456\" class=\"more-link\">Mehr <span class=\"screen-reader-text\">\u00fcber &#8222;J\u00fcrgen Crombach&#8220; <\/span>Lesen<\/a><\/p>\n","protected":false},"author":3,"featured_media":0,"comment_status":"open","ping_status":"open","sticky":false,"template":"","format":"standard","meta":{"footnotes":""},"categories":[7],"tags":[],"class_list":["post-456","post","type-post","status-publish","format-standard","hentry","category-maler"],"_links":{"self":[{"href":"https:\/\/kunst.bibibo.info\/index.php?rest_route=\/wp\/v2\/posts\/456","targetHints":{"allow":["GET"]}}],"collection":[{"href":"https:\/\/kunst.bibibo.info\/index.php?rest_route=\/wp\/v2\/posts"}],"about":[{"href":"https:\/\/kunst.bibibo.info\/index.php?rest_route=\/wp\/v2\/types\/post"}],"author":[{"embeddable":true,"href":"https:\/\/kunst.bibibo.info\/index.php?rest_route=\/wp\/v2\/users\/3"}],"replies":[{"embeddable":true,"href":"https:\/\/kunst.bibibo.info\/index.php?rest_route=%2Fwp%2Fv2%2Fcomments&post=456"}],"version-history":[{"count":11,"href":"https:\/\/kunst.bibibo.info\/index.php?rest_route=\/wp\/v2\/posts\/456\/revisions"}],"predecessor-version":[{"id":861,"href":"https:\/\/kunst.bibibo.info\/index.php?rest_route=\/wp\/v2\/posts\/456\/revisions\/861"}],"wp:attachment":[{"href":"https:\/\/kunst.bibibo.info\/index.php?rest_route=%2Fwp%2Fv2%2Fmedia&parent=456"}],"wp:term":[{"taxonomy":"category","embeddable":true,"href":"https:\/\/kunst.bibibo.info\/index.php?rest_route=%2Fwp%2Fv2%2Fcategories&post=456"},{"taxonomy":"post_tag","embeddable":true,"href":"https:\/\/kunst.bibibo.info\/index.php?rest_route=%2Fwp%2Fv2%2Ftags&post=456"}],"curies":[{"name":"wp","href":"https:\/\/api.w.org\/{rel}","templated":true}]}}