{"id":523,"date":"2020-06-05T14:16:04","date_gmt":"2020-06-05T12:16:04","guid":{"rendered":"https:\/\/kunst.bibibo.de\/?p=523"},"modified":"2021-03-15T14:00:21","modified_gmt":"2021-03-15T13:00:21","slug":"guenter-leicht","status":"publish","type":"post","link":"https:\/\/kunst.bibibo.info\/?p=523","title":{"rendered":"G\u00fcnter Leicht &#8211; Literatur"},"content":{"rendered":"\n<div class=\"wp-block-columns is-layout-flex wp-container-core-columns-is-layout-28f84493 wp-block-columns-is-layout-flex\">\n<div class=\"wp-block-column is-layout-flow wp-block-column-is-layout-flow\" style=\"flex-basis:66.66%\">\n<p>Danziger Str.&nbsp;15<br>35444 Biebertal &#8211; Rodheim-Bieber<\/p>\n\n\n\n<p>Telefon: 06409 \/ 70 08<\/p>\n<\/div>\n\n\n\n<div class=\"wp-block-column is-layout-flow wp-block-column-is-layout-flow\" style=\"flex-basis:33.33%\">\n<div class=\"wp-block-image\"><figure class=\"aligncenter size-large\"><img loading=\"lazy\" decoding=\"async\" width=\"199\" height=\"305\" src=\"https:\/\/kunst.bibibo.info\/wp-content\/uploads\/2020\/06\/image.png\" alt=\"\" class=\"wp-image-590\" srcset=\"https:\/\/kunst.bibibo.info\/wp-content\/uploads\/2020\/06\/image.png 199w, https:\/\/kunst.bibibo.info\/wp-content\/uploads\/2020\/06\/image-196x300.png 196w\" sizes=\"auto, (max-width: 199px) 100vw, 199px\" \/><figcaption>Foto: Waldschmidt<\/figcaption><\/figure><\/div>\n<\/div>\n<\/div>\n\n\n\n<div class=\"wp-block-image\"><figure class=\"aligncenter size-large is-resized\"><img loading=\"lazy\" decoding=\"async\" src=\"https:\/\/kunst.bibibo.info\/wp-content\/uploads\/2020\/06\/image-4-1024x802.png\" alt=\"\" class=\"wp-image-598\" width=\"509\" height=\"398\" srcset=\"https:\/\/kunst.bibibo.info\/wp-content\/uploads\/2020\/06\/image-4-1024x802.png 1024w, https:\/\/kunst.bibibo.info\/wp-content\/uploads\/2020\/06\/image-4-300x235.png 300w, https:\/\/kunst.bibibo.info\/wp-content\/uploads\/2020\/06\/image-4-768x602.png 768w, https:\/\/kunst.bibibo.info\/wp-content\/uploads\/2020\/06\/image-4.png 1145w\" sizes=\"auto, (max-width: 509px) 100vw, 509px\" \/><figcaption><a href=\"https:\/\/www.giessener-allgemeine.de\/kreis-giessen\/biebertal-ort848760\/geld-seniorenwerkstatt-13507012.html\">Team der Seniorenwerkstatt<\/a>, weitere <a href=\"https:\/\/www.google.de\/search?q=seniorenwerkstatt+biebertal&amp;tbm=isch&amp;source=iu&amp;ictx=1&amp;fir=RdMs_DFTW4UC-M%253A%252CcLjvWwc_2ZJATM%252C_&amp;vet=1&amp;usg=AI4_-kTPk6kqaH6EXNiIybtN4jKsWyGvCA&amp;sa=X&amp;ved=2ahUKEwiE0cnD0OrpAhWFw6YKHaCJAu8Q9QEwAXoECAoQBA&amp;biw=1760&amp;bih=847#imgrc=RdMs_DFTW4UC-M:\">Bilder dazu<\/a><\/figcaption><\/figure><\/div>\n\n\n\n<p><br>Steckenpferd sind aber auch den Kelten und der Landesvermessung am D\u00fcnsberg in Biebertal, wor\u00fcber er in Vortr\u00e4gen berichtet &#8230; z.B. auf den D\u00fcnsberg, wie <a href=\"https:\/\/www.giessener-anzeiger.de\/lokales\/kreis-giessen\/biebertal\/120-jahre-dunsberg-verein-gunter-leicht-referiert-in-gipfel-gaststatte-uber-die-landvermessung_20109182\">der Gie\u00dfener Anzeiger erinnert<\/a> oder in der <a href=\"https:\/\/www.myheimat.de\/marburg\/kultur\/sternstunden-im-turm-der-duensberg-und-die-vermessung-der-erde-im-dialog-mit-guenter-leicht-d2899918.html\">Marburger Zeitung &#8222;my heimat&#8220;<\/a> zu lesen ist.<\/p>\n\n\n\n<p>In diesem Feld ist er Mitautor und Herausgeber des Buches &#8222;<strong>Der D\u00fcnsberg &#8211; Ein Berg mit Geschichte<\/strong>&#8222;, 2013 (ISBN 9783000442124), in dem auf 212 Seiten mit vielen Farbbildern und Grafiken ein Eindruck von unserer sch\u00f6nen Heimat und ihrer Geschichte vermittelt wird. <a href=\"https:\/\/www.giessener-allgemeine.de\/kreis-giessen\/biebertal-ort848760\/neues-duensberg-buch-guenter-leicht-12091307.html\">Die Gie\u00dfener Allgemeine berichtete<\/a>.<\/p>\n\n\n\n<div class=\"wp-block-columns is-layout-flex wp-container-core-columns-is-layout-28f84493 wp-block-columns-is-layout-flex\">\n<div class=\"wp-block-column is-layout-flow wp-block-column-is-layout-flow\" style=\"flex-basis:33.33%\">\n<figure class=\"wp-block-image size-large\"><img loading=\"lazy\" decoding=\"async\" width=\"377\" height=\"481\" src=\"https:\/\/kunst.bibibo.info\/wp-content\/uploads\/2020\/06\/image-3.png\" alt=\"\" class=\"wp-image-596\" srcset=\"https:\/\/kunst.bibibo.info\/wp-content\/uploads\/2020\/06\/image-3.png 377w, https:\/\/kunst.bibibo.info\/wp-content\/uploads\/2020\/06\/image-3-235x300.png 235w\" sizes=\"auto, (max-width: 377px) 100vw, 377px\" \/><\/figure>\n<\/div>\n\n\n\n<div class=\"wp-block-column is-layout-flow wp-block-column-is-layout-flow\" style=\"flex-basis:66.66%\">\n<p>Das Buch betrachtet den D\u00fcnsberg aus verschiedenen Blickwinkeln, so wie man sich dem Berg als einen durch seine charakteristische Form und seinen Fernmeldeturm weithin sichtbares Wahrzeichen des Gleiberger Landes aus verschiedenen Himmelsrichtungen und auf verschiedenen Wegen n\u00e4hern kann.<br>Der D\u00fcnsberg wird dargestellt als<br>&#8211; Sinnbild der Heimat<br>&#8211; R\u00fcckzugsm\u00f6glichkeit des naturverbundenen Wanderers<br>&#8211; Gelegenheit intensiven Erlebens von Flora und Fauna<br>&#8211; Ausflugsziel geselliger Menschen<br>&#8211; Anlass f\u00fcr anspruchsvolle Vereinst\u00e4tigkeit<br>&#8211; Freizeitvergn\u00fcgen f\u00fcr Jogger, Mountainbiker, Reiter u.a.<br>&#8211; Forschungsgegenstand der Arch\u00e4ologie<br>&#8211; Ort, an dem die Geschichte der Kelten durch neue Formen der Museumsp\u00e4dagogik lebendig wird.<br>&#8211; anschauliches Beispiel f\u00fcr die Technik- und Industriegeschichte der Region<br>&#8211; Modell f\u00fcr M\u00f6glichkeiten, aber auch f\u00fcr die Notwendigkeit modernen Natur- und Landschaftsschutzes<br>&#8211; Wirtschaftsfaktor f\u00fcr Holzverarbeitung und Tourismus<br>&#8211; Gegenstand k\u00fcnstlerischer Gestaltung u.v.a.m.<\/p>\n<\/div>\n<\/div>\n\n\n\n<p>Zum anderen erschien im Longtai Verlag Gie\u00dfen das Buch <strong>&#8222;Tsingtau-Tagebuch des Rodheimers Rudolf Schlierbach&#8220;,<\/strong> 2. Aufl. 2010 (ISBN 978-3-938946-05-3)<\/p>\n\n\n\n<div class=\"wp-block-columns is-layout-flex wp-container-core-columns-is-layout-28f84493 wp-block-columns-is-layout-flex\">\n<div class=\"wp-block-column is-layout-flow wp-block-column-is-layout-flow\" style=\"flex-basis:66.66%\">\n<p>Rudolf Schlierbach aus Rodheim, wurde im Januar 1913 zum Milit\u00e4rdienst in die Kolonie Qingdao (Tsintau) in China eingezogen. <br>Auch sein \u00e4lterer Bruder Friedrich leistete dort von 1906 &#8211; 1919 seinen Milit\u00e4rdienst ab.<br>In erstaunlicher Detailtreue hat Rudolf, dessen Gro\u00dfenkel der Herausgeber G\u00fcnter Leicht ist, seine Erlebnisse w\u00e4hrend seines kaiserlichen Chinaeinsatzes schriftlich niedergelegt. <br>Im November 1914 geriet Rudolf in japanische Gefangenschaft. Aus dieser Zeit seiner f\u00fcnfj\u00e4hrigen Gefangenschaft in Japan sind nur noch Bilder von ihm erhalten.<\/p>\n\n\n\n<p>Tsingtau ist eine Episode in der chinesischen und in der deutschen Geschichte geblieben; &#8222;Gott sei Dank&#8220; muss man heute sagen.<\/p>\n<\/div>\n\n\n\n<div class=\"wp-block-column is-layout-flow wp-block-column-is-layout-flow\" style=\"flex-basis:33.33%\">\n<div class=\"wp-block-image\"><figure class=\"aligncenter size-large\"><img loading=\"lazy\" decoding=\"async\" width=\"246\" height=\"345\" src=\"https:\/\/kunst.bibibo.info\/wp-content\/uploads\/2020\/06\/image-2.png\" alt=\"\" class=\"wp-image-594\" srcset=\"https:\/\/kunst.bibibo.info\/wp-content\/uploads\/2020\/06\/image-2.png 246w, https:\/\/kunst.bibibo.info\/wp-content\/uploads\/2020\/06\/image-2-214x300.png 214w\" sizes=\"auto, (max-width: 246px) 100vw, 246px\" \/><\/figure><\/div>\n<\/div>\n<\/div>\n\n\n\n<p>Das Buch soll nicht den damaligen &#8222;Hurra-Patriotismus&#8220; der Kaiserzeit verherrlichen. Vielmehr soll, durch die Personen Rudolf und Friedrich Schlierbach hindurch, dieses St\u00fcck deutscher Weltgeschichte in Erinnerung gerufen werden. <br>In einem umfangreichen Vorwort beleuchtet Dr. Wan-Husan Yao-Weihrauch die umw\u00e4lzende geschichtliche Entwicklung in dieser Zeit, die als Zeitalter des Imperialismus bezeichnet wird.<\/p>\n","protected":false},"excerpt":{"rendered":"<p>Danziger Str.&nbsp;1535444 Biebertal &#8211; Rodheim-Bieber Telefon: 06409 \/ 70 08 Steckenpferd sind aber auch den Kelten und der Landesvermessung am D\u00fcnsberg in Biebertal, wor\u00fcber er in Vortr\u00e4gen berichtet &#8230; z.B. auf den D\u00fcnsberg, wie der Gie\u00dfener Anzeiger erinnert oder in der Marburger Zeitung &#8222;my heimat&#8220; zu lesen ist. In diesem Feld ist er Mitautor und &hellip; <\/p>\n<p class=\"link-more\"><a href=\"https:\/\/kunst.bibibo.info\/?p=523\" class=\"more-link\">Mehr <span class=\"screen-reader-text\">\u00fcber &#8222;G\u00fcnter Leicht &#8211; Literatur&#8220; <\/span>Lesen<\/a><\/p>\n","protected":false},"author":3,"featured_media":0,"comment_status":"open","ping_status":"open","sticky":false,"template":"","format":"standard","meta":{"footnotes":""},"categories":[10],"tags":[49,50,51],"class_list":["post-523","post","type-post","status-publish","format-standard","hentry","category-literatur","tag-der-duensberg","tag-seniorenwerkstatt","tag-tagebuch"],"_links":{"self":[{"href":"https:\/\/kunst.bibibo.info\/index.php?rest_route=\/wp\/v2\/posts\/523","targetHints":{"allow":["GET"]}}],"collection":[{"href":"https:\/\/kunst.bibibo.info\/index.php?rest_route=\/wp\/v2\/posts"}],"about":[{"href":"https:\/\/kunst.bibibo.info\/index.php?rest_route=\/wp\/v2\/types\/post"}],"author":[{"embeddable":true,"href":"https:\/\/kunst.bibibo.info\/index.php?rest_route=\/wp\/v2\/users\/3"}],"replies":[{"embeddable":true,"href":"https:\/\/kunst.bibibo.info\/index.php?rest_route=%2Fwp%2Fv2%2Fcomments&post=523"}],"version-history":[{"count":8,"href":"https:\/\/kunst.bibibo.info\/index.php?rest_route=\/wp\/v2\/posts\/523\/revisions"}],"predecessor-version":[{"id":1620,"href":"https:\/\/kunst.bibibo.info\/index.php?rest_route=\/wp\/v2\/posts\/523\/revisions\/1620"}],"wp:attachment":[{"href":"https:\/\/kunst.bibibo.info\/index.php?rest_route=%2Fwp%2Fv2%2Fmedia&parent=523"}],"wp:term":[{"taxonomy":"category","embeddable":true,"href":"https:\/\/kunst.bibibo.info\/index.php?rest_route=%2Fwp%2Fv2%2Fcategories&post=523"},{"taxonomy":"post_tag","embeddable":true,"href":"https:\/\/kunst.bibibo.info\/index.php?rest_route=%2Fwp%2Fv2%2Ftags&post=523"}],"curies":[{"name":"wp","href":"https:\/\/api.w.org\/{rel}","templated":true}]}}